{"id":9922,"date":"2021-03-24T22:17:07","date_gmt":"2021-03-25T01:17:07","guid":{"rendered":"http:\/\/bambisafkar.ca\/?p=9922"},"modified":"2021-03-24T22:17:07","modified_gmt":"2021-03-25T01:17:07","slug":"tolerance-what-can-we-learn-from-mr-enrico-macias-song-and-mr-mario-dumonts-article","status":"publish","type":"post","link":"https:\/\/bambisafkar.ca\/index.php\/2021\/03\/24\/tolerance-what-can-we-learn-from-mr-enrico-macias-song-and-mr-mario-dumonts-article\/","title":{"rendered":"Tolerance: What can we learn from Mr. Enrico Macias\u2019 song and Mr. Mario Dumont&#8217;s article?"},"content":{"rendered":"\n<div class=\"wp-block-image\"><figure class=\"aligncenter is-resized\"><img decoding=\"async\" src=\"https:\/\/bambisafkar.ca\/wp-content\/uploads\/2021\/03\/Tolerance.jpg\" alt=\"\" class=\"wp-image-9923\" width=\"320\" height=\"128\" srcset=\"https:\/\/bambisafkar.ca\/wp-content\/uploads\/2021\/03\/Tolerance.jpg 624w, https:\/\/bambisafkar.ca\/wp-content\/uploads\/2021\/03\/Tolerance-300x120.jpg 300w\" sizes=\"(max-width: 320px) 85vw, 320px\" \/><\/figure><\/div>\n\n\n\n<p>Mr. Mario Dumont\u2019s article, published today in the <em>Journal de Montr\u00e9al,<\/em> is entitled \u201c<em>All the minorities\u2026 except the francophones<\/em>\u201d [\u201c<em>Toutes les minorit\u00e9s\u2026 sauf les francophones<\/em>\u201d]. It is a reflection about our contradictory attitudes, whether lucidly or not, toward the francophones in our country. We tend to forget that they are a minority like other minorities. Unfortunately, we fall into the trap of intolerance of their differences in relation to language, culture, approach to addressing social problems or solutions to problems, philosophy of co-existence, and societal choices. We even fall into the trap of self-intolerance\u2026 and the latter fuels more externalized intolerance (i.e. of others, namely of their different opinions about this or that issue). <\/p>\n\n\n\n<p>If she may, Bambi would like to take a break from\nthis serious topic raised by Mr. Dumont for a few moments to offer you a\nbeautiful old song she discovered yesterday by pure accident. It remains timely\nas it is called \u201c<em>Tolerance<\/em>\u201d. Bambi could not find a clear audio of this song\nonline with the unique voice of Mr. Macias. However, she discovered the talent\nof a certain Mr. Pascal Leyman who arranged and performed this song. Thanks to\nhim for publicly sharing it.<\/p>\n\n\n\n<p><strong>First, here are the words in English, followed by the original French:<\/strong><\/p>\n\n\n\n<p><em>\u201c<\/em><em>Tolerance is\nproof of love and intelligence<\/em><\/p>\n\n\n\n<p><em>Tolerance is\nrespect for life in all countries<\/em><\/p>\n\n\n\n<p><em>Tolerance is\nto have a lot of indulgence for your neighbour<\/em><\/p>\n\n\n\n<p><em>Open your\nheart instead of clenching your fists<\/em><\/p>\n\n\n\n<p><em>For no\nreason for nothing<\/em><\/p>\n\n\n\n<p><em>All forgiven\nfor the tears<\/em><\/p>\n\n\n\n<p><em>Of a child\nor of a woman<\/em><\/p>\n\n\n\n<p><em>We are never\nloved<\/em><\/p>\n\n\n\n<p><em>By fear or\nby severity<\/em><\/p>\n\n\n\n<p><em>Understanding\nthe ideas of others<\/em><\/p>\n\n\n\n<p><em>Without\nwanting to impose our own<\/em><\/p>\n\n\n\n<p><em>It is in\nthis world a virtue<\/em><\/p>\n\n\n\n<p><em>That we lost<\/em><\/p>\n\n\n\n<p><em>Tolerance is reasoning about the passions of difference<\/em><\/p>\n\n\n\n<p><em>Tolerance means recognizing to everyone their divine rights<\/em><\/p>\n\n\n\n<p><em>Tolerance is the last chance for today&#8217;s humans<\/em><\/p>\n\n\n\n<p><em>If they don&#8217;t want to no longer live in freedom<\/em><\/p>\n\n\n\n<p><em>in a few years<\/em><\/p>\n\n\n\n<p><em>Despite the many disagreements that still exist between us<\/em><\/p>\n\n\n\n<p><em>Everything can be discussed if we know how to forgive first<\/em><\/p>\n\n\n\n<p><em>Whatever the naysayers of all stripes can write<\/em><\/p>\n\n\n\n<p><em>Mourning the future, I still refuse<\/em><\/p>\n\n\n\n<p><em>Tolerance will eventually win out over backbiting<\/em><\/p>\n\n\n\n<p><em>And on that day, on earth<\/em><\/p>\n\n\n\n<p><em>There won&#8217;t be happier than me\u201d<\/em><\/p>\n\n\n\n<p><strong>Original French lyrics of Mr. Macias\u2019 song:<\/strong><\/p>\n\n\n\n<p><em>\u00ab&nbsp;La tol\u00e9rance, c&#8217;est une preuve d&#8217;amour et d&#8217;intelligence <br>\nLa tol\u00e9rance, c&#8217;est le respect de la vie dans tous les pays <br>\nLa tol\u00e9rance, c&#8217;est d&#8217;avoir pour son prochain beaucoup d&#8217;indulgence <br>\nOuvrir son c\u0153ur au lieu de fermer les poings <br>\nSans raison pour rien <br>\n<br>\nTout excus\u00e9 devant les larmes <br>\nD&#8217;un enfant ou bien d&#8217;une femme <br>\nOn est jamais aim\u00e9 <br>\nPar crainte ou par s\u00e9v\u00e9rit\u00e9 <br>\nComprendre les id\u00e9es des autres <br>\nSans vouloir imposer les n\u00f4tres <br>\nC&#8217;est dans ce monde une vertu <\/em><\/p>\n\n\n\n<p><em>Que nous avons perdue <br>\n<br>\nLa tol\u00e9rance, c&#8217;est raisonner les passions de la diff\u00e9rence <br>\nLa tol\u00e9rance, c&#8217;est reconnaitre \u00e0 chacun tous ses droits divins <br>\nLa tol\u00e9rance, c&#8217;est pour les hommes d&#8217;aujourd&#8217;hui la derni\u00e8re chance <br>\nS&#8217;ils ne veulent pas ne plus vivre en libert\u00e9 <br>\ndans quelques ann\u00e9es <br>\n<br>\nMalgr\u00e9 les nombreux d\u00e9saccords qui entre nous existent encore <br>\nTout peut se discuter si l&#8217;on sait pardonner d&#8217;abord <br>\nQu&#8217;importe ce que peuvent \u00e9crire les d\u00e9faitistes de tous bords <br>\nPorter le deuil de l&#8217;avenir, je m&#8217;y refuse encore <\/em><\/p>\n\n\n\n<p><em>La tol\u00e9rance finira par l&#8217;emporter sur la m\u00e9disance <br>\nEt ce jour l\u00e0, sur terre <br>\nIl n&#8217;y aura pas plus heureux que moi\u00bb<\/em><\/p>\n\n\n\n<p>Now, here the song. Enjoy!<\/p>\n\n\n\n<figure class=\"wp-block-embed-youtube wp-block-embed is-type-video is-provider-youtube wp-embed-aspect-16-9 wp-has-aspect-ratio\"><div class=\"wp-block-embed__wrapper\">\n<iframe title=\"La Tol\u00e9rance\" width=\"840\" height=\"473\" src=\"https:\/\/www.youtube.com\/embed\/8cZFEfekOAc?feature=oembed\" frameborder=\"0\" allow=\"accelerometer; autoplay; clipboard-write; encrypted-media; gyroscope; picture-in-picture\" allowfullscreen><\/iframe>\n<\/div><\/figure>\n\n\n\n<p>Keeping the spirit of tolerance in mind (ie., bridge building, mutual respect, love, forgiveness, re-discovery\u2026 and re-love), please let\u2019s conclude this post with a quick translation of Mr. Mario Dumont\u2019s article:<\/p>\n\n\n\n<p><a href=\"https:\/\/www.journaldemontreal.com\/2021\/03\/24\/toutes-les-minorites-sauf-les-francophones\">https:\/\/www.journaldemontreal.com\/2021\/03\/24\/toutes-les-minorites-sauf-les-francophones<\/a><\/p>\n\n\n\n<p><em>\u201cThe left of English Canada places at the centre of its policy the defense of all the rights of all minorities. They almost make it an obsession. It is this movement that Professor Amir Attaran of the University of Ottawa certainly wants to join.<\/em><\/p>\n\n\n\n<p><em>Officially, this professor fights racism fiercely. In fact, the heart of his remarks aims to stigmatize a group: French-speaking Quebecers. Everything goes: French-speaking Qu\u00e9becers are backward racists. Our past and current governments, our Prime Minister, our laws and even our health care system are manifestations of this wacko Qu\u00e9bec society.<\/em><\/p>\n\n\n\n<p><em>I do not intend to elaborate on the case of this provocateur or the administration of the University of Ottawa. The rector is visibly overwhelmed by radicalism in his organization <\/em>[Bambi agrees with Mr. Dumont, even if she defended Dr. Amir Attaran\u2019s free speech, as you can see in an earlier post at the end of this one. Yes, she happens to enjoy reading Dr. Attaran\u2019s social media, even when she disagrees with him or dislikes his comments about the Qu\u00e9bec that she respects, deeply loves, is grateful to for welcoming her family, and is a large part of her complex identities].<\/p>\n\n\n\n<p><strong><em>Complicit silences<\/em><\/strong><\/p>\n\n\n\n<p><em>What interests me more is how much good press Professor Attaran has in English Canada, despite his outrageous remarks in their very face. Shouting out loud that Qu\u00e9becers are racists generates few reprimands in English Canada. More like a few approvals and a lot of complicit silences.<\/em><\/p>\n\n\n\n<p><em>For example, Ontario NDP MP Matthew Green shared many of Attaran&#8217;s writings on social media. The NDP held a majority of seats in Qu\u00e9bec just a few years ago. Yet no one in this party seemed upset to see one of their own insulting Qu\u00e9becers.<\/em><em><\/em><\/p>\n\n\n\n<p><em>At least Justin Trudeau, the one seen as a champion of multiculturalism, was keen to denounce Professor Attaran. Make no mistake, Mr. Trudeau is being blamed outside Qu\u00e9bec.<\/em><\/p>\n\n\n\n<p><em>In fact, here is the reality that the Attaran affair puts in our face. The left of English Canada places the rights of minorities at the centre of all its thought and action. Positive discrimination, visible minorities, the fight against racism are the favourite themes of the moment.<\/em><\/p>\n\n\n\n<p><em>There will even be a tendency to scrutinize racism and to find it, even where there is none. To prove the intensity of its determination to fight racism, it is better to find it everywhere.<\/em><em><\/em><\/p>\n\n\n\n<p><strong><em>The minority that can be scoffed at<\/em><\/strong><\/p>\n\n\n\n<p><em>In short, the left of English Canada defends all minorities&#8230; except one: French-speaking Qu\u00e9becers. Obviously, francophones are not a minority in Qu\u00e9bec. But francophones in Canada are clearly a minority.<\/em><\/p>\n\n\n\n<p><em>When we look at the situation of francophones from a North American perspective, it is even more striking. Francophones are a minority whose language and culture are under pressure, threatened.<\/em><\/p>\n\n\n\n<p><em>So in English Canada, we will put a capital importance on the preservation of the Indigeneous languages \u200b\u200bor the languages of all the minority cultures. With good reason. We will be ready to deploy considerable resources to safeguard them.<\/em><\/p>\n\n\n\n<p><em>But the future of French in Canada, in Qu\u00e9bec, they don&#8217;t care. Attaran\u2019s insults remind us that to protect our language and culture we can only rely on ourselves.\u201d<\/em> <\/p>\n\n\n\n<p>&#8212;<\/p>\n\n\n\n<figure class=\"wp-block-embed-wordpress wp-block-embed is-type-wp-embed is-provider-bambi-039-s-afkar\"><div class=\"wp-block-embed__wrapper\">\n<blockquote class=\"wp-embedded-content\" data-secret=\"jKXPQkRvcJ\"><a href=\"https:\/\/bambisafkar.ca\/index.php\/2021\/03\/23\/are-elections-ahead-regardless-bravo-and-thank-you-mr-trudeau-for-defending-quebec-this-being-said-dr-attarans-free-quebec-bashing-speech-must-remain-protected\/\">Are elections ahead? Regardless, bravo and thank you Mr. Trudeau for defending Qu\u00e9bec. This being said, Dr. Attaran\u2019s free (\u201cQu\u00e9bec bashing\u201d) speech must remain protected!<\/a><\/blockquote><iframe class=\"wp-embedded-content\" sandbox=\"allow-scripts\" security=\"restricted\" style=\"position: absolute; clip: rect(1px, 1px, 1px, 1px);\" title=\"&#8220;Are elections ahead? Regardless, bravo and thank you Mr. Trudeau for defending Qu\u00e9bec. This being said, Dr. Attaran\u2019s free (\u201cQu\u00e9bec bashing\u201d) speech must remain protected!&#8221; &#8212; Bambi&#039;s Afkar\" src=\"https:\/\/bambisafkar.ca\/index.php\/2021\/03\/23\/are-elections-ahead-regardless-bravo-and-thank-you-mr-trudeau-for-defending-quebec-this-being-said-dr-attarans-free-quebec-bashing-speech-must-remain-protected\/embed\/#?secret=jKXPQkRvcJ\" data-secret=\"jKXPQkRvcJ\" width=\"600\" height=\"338\" frameborder=\"0\" marginwidth=\"0\" marginheight=\"0\" scrolling=\"no\"><\/iframe>\n<\/div><\/figure>\n\n\n\n<figure class=\"wp-block-embed-wordpress wp-block-embed is-type-wp-embed is-provider-bambi-039-s-afkar\"><div class=\"wp-block-embed__wrapper\">\n<blockquote class=\"wp-embedded-content\" data-secret=\"oSZ1i6fRdZ\"><a href=\"https:\/\/bambisafkar.ca\/index.php\/2021\/03\/19\/quebec-la-belle-province-historically-the-constant-target-of-attacks-from-the-rest-of-canada\/\">Qu\u00e9bec, la belle province, historically the constant target of attacks from the rest of Canada<\/a><\/blockquote><iframe class=\"wp-embedded-content\" sandbox=\"allow-scripts\" security=\"restricted\" style=\"position: absolute; clip: rect(1px, 1px, 1px, 1px);\" title=\"&#8220;Qu\u00e9bec, la belle province, historically the constant target of attacks from the rest of Canada&#8221; &#8212; Bambi&#039;s Afkar\" src=\"https:\/\/bambisafkar.ca\/index.php\/2021\/03\/19\/quebec-la-belle-province-historically-the-constant-target-of-attacks-from-the-rest-of-canada\/embed\/#?secret=oSZ1i6fRdZ\" data-secret=\"oSZ1i6fRdZ\" width=\"600\" height=\"338\" frameborder=\"0\" marginwidth=\"0\" marginheight=\"0\" scrolling=\"no\"><\/iframe>\n<\/div><\/figure>\n","protected":false},"excerpt":{"rendered":"<p>Mr. Mario Dumont\u2019s article, published today in the Journal de Montr\u00e9al, is entitled \u201cAll the minorities\u2026 except the francophones\u201d [\u201cToutes les minorit\u00e9s\u2026 sauf les francophones\u201d]. It is a reflection about our contradictory attitudes, whether lucidly [&hellip;]<\/p>\n","protected":false},"author":1,"featured_media":0,"comment_status":"open","ping_status":"open","sticky":false,"template":"","format":"standard","meta":{"footnotes":""},"categories":[1],"tags":[],"_links":{"self":[{"href":"https:\/\/bambisafkar.ca\/index.php\/wp-json\/wp\/v2\/posts\/9922"}],"collection":[{"href":"https:\/\/bambisafkar.ca\/index.php\/wp-json\/wp\/v2\/posts"}],"about":[{"href":"https:\/\/bambisafkar.ca\/index.php\/wp-json\/wp\/v2\/types\/post"}],"author":[{"embeddable":true,"href":"https:\/\/bambisafkar.ca\/index.php\/wp-json\/wp\/v2\/users\/1"}],"replies":[{"embeddable":true,"href":"https:\/\/bambisafkar.ca\/index.php\/wp-json\/wp\/v2\/comments?post=9922"}],"version-history":[{"count":16,"href":"https:\/\/bambisafkar.ca\/index.php\/wp-json\/wp\/v2\/posts\/9922\/revisions"}],"predecessor-version":[{"id":9939,"href":"https:\/\/bambisafkar.ca\/index.php\/wp-json\/wp\/v2\/posts\/9922\/revisions\/9939"}],"wp:attachment":[{"href":"https:\/\/bambisafkar.ca\/index.php\/wp-json\/wp\/v2\/media?parent=9922"}],"wp:term":[{"taxonomy":"category","embeddable":true,"href":"https:\/\/bambisafkar.ca\/index.php\/wp-json\/wp\/v2\/categories?post=9922"},{"taxonomy":"post_tag","embeddable":true,"href":"https:\/\/bambisafkar.ca\/index.php\/wp-json\/wp\/v2\/tags?post=9922"}],"curies":[{"name":"wp","href":"https:\/\/api.w.org\/{rel}","templated":true}]}}