{"id":7608,"date":"2020-11-08T00:45:39","date_gmt":"2020-11-08T04:45:39","guid":{"rendered":"http:\/\/bambisafkar.ca\/?p=7608"},"modified":"2020-11-08T00:45:39","modified_gmt":"2020-11-08T04:45:39","slug":"is-the-scottish-cabinet-secretary-for-justices-bill-on-hate-speech-totalitarian","status":"publish","type":"post","link":"https:\/\/bambisafkar.ca\/index.php\/2020\/11\/08\/is-the-scottish-cabinet-secretary-for-justices-bill-on-hate-speech-totalitarian\/","title":{"rendered":"Is the Scottish cabinet secretary for Justice\u2019s bill on \u201chate speech\u201d totalitarian?"},"content":{"rendered":"\n<div class=\"wp-block-image\"><figure class=\"aligncenter is-resized\"><img decoding=\"async\" src=\"http:\/\/bambisafkar.ca\/wp-content\/uploads\/2020\/11\/HamzaFinal.jpg\" alt=\"\" class=\"wp-image-7609\" width=\"364\" height=\"196\" srcset=\"https:\/\/bambisafkar.ca\/wp-content\/uploads\/2020\/11\/HamzaFinal.jpg 341w, https:\/\/bambisafkar.ca\/wp-content\/uploads\/2020\/11\/HamzaFinal-300x162.jpg 300w\" sizes=\"(max-width: 364px) 85vw, 364px\" \/><\/figure><\/div>\n\n\n\n<p>The answer to this question lies in a\nthoughtful article by Dr. Mathieu-Bock C\u00f4t\u00e9 published today in the <em>Journal\nde Montr\u00e9al<\/em>, and entitled \u201c<em>Scotland and the thought police<\/em>\u201d [\u201c<em>L\u2019\u00c9cosse et la police de la pens\u00e9e<\/em>\u201d]:<\/p>\n\n\n\n<p><a href=\"https:\/\/www.journaldemontreal.com\/2020\/11\/07\/lecosse-et-la-police-de-la-pensee\">https:\/\/www.journaldemontreal.com\/2020\/11\/07\/lecosse-et-la-police-de-la-pensee<\/a><\/p>\n\n\n\n<p>Below is quick translation for you:<\/p>\n\n\n\n<p><strong><em>\u201c<\/em><\/strong><strong><em>let&#8217;s keep an eye on Scottish news. Because at the rate that ideas are circulating today, especially the worst ones, the strange debate Scotland is going through at the moment should worry us.<\/em><\/strong><\/p>\n\n\n\n<p><strong><em>Hatred<\/em><\/strong><\/p>\n\n\n\n<p><em>Humza Yousaf\nis the Scottish Minister for Justice. And he has embarked on a fight against\n&#8220;hate speech&#8221; by proposing a very ambitious bill, the &#8220;Hate\nCrime and Public Order (Scotland) Bill&#8221;.<\/em><em><\/em><\/p>\n\n\n\n<p><em>We know that any criticism of progressive ideology has the potential to fall into the category of hate speech. Nothing is more free today than accusations of racism, sexism, Islamophobia or transphobia.<\/em><\/p>\n\n\n\n<p><em>With this in mind, Humza Yousaf intends to control private conversations in homes.<\/em><\/p>\n\n\n\n<p><em>His theory?<\/em><\/p>\n\n\n\n<p><em>Why should what is forbidden in the gallery, restaurant or pub be allowed in a private home?<\/em><em><\/em><\/p>\n\n\n\n<p><em>Shouldn&#8217;t virtue reign everywhere? The new inquisition, to be effective, must it not enter homes? The home is no longer sacred.<\/em><\/p>\n\n\n\n<p><em>Humza Yousaf thus intends to create the conditions for a generalized denunciation of private conversations which could offend the sensibilities of groups deemed to be minority by the dominant ideology.<\/em><\/p>\n\n\n\n<p><em>Don\u2019t you reproduce the orthodoxy of the regime in your private conversations? We can denounce you.<\/em><em><\/em><\/p>\n\n\n\n<p><strong><em>Stasi<\/em><\/strong><\/p>\n\n\n\n<p><em>Be afraid of your guests who might misreport your words if they misunderstand, distort, or dislike them.<\/em><\/p>\n\n\n\n<p><em>Fear your children socialized in a school system which pushes to see microaggressions everywhere.<\/em><\/p>\n\n\n\n<p><em>In the name of the fight against hatred, we will even come to hunt down ulterior motives. It is already being done in the corporate world, through the famous implicit association tests that claim to detect your unconscious prejudices.<\/em><\/p>\n\n\n\n<p><em>All of this is reminiscent of East Germany and the Stasi. I do not think I am exaggerating in saying that. The fight against &#8220;hate speech&#8221; is the new mask of totalitarianism.\u201d<\/em><em><\/em><\/p>\n","protected":false},"excerpt":{"rendered":"<p>The answer to this question lies in a thoughtful article by Dr. Mathieu-Bock C\u00f4t\u00e9 published today in the Journal de Montr\u00e9al, and entitled \u201cScotland and the thought police\u201d [\u201cL\u2019\u00c9cosse et la police de la pens\u00e9e\u201d]: [&hellip;]<\/p>\n","protected":false},"author":1,"featured_media":0,"comment_status":"open","ping_status":"open","sticky":false,"template":"","format":"standard","meta":{"footnotes":""},"categories":[1],"tags":[],"_links":{"self":[{"href":"https:\/\/bambisafkar.ca\/index.php\/wp-json\/wp\/v2\/posts\/7608"}],"collection":[{"href":"https:\/\/bambisafkar.ca\/index.php\/wp-json\/wp\/v2\/posts"}],"about":[{"href":"https:\/\/bambisafkar.ca\/index.php\/wp-json\/wp\/v2\/types\/post"}],"author":[{"embeddable":true,"href":"https:\/\/bambisafkar.ca\/index.php\/wp-json\/wp\/v2\/users\/1"}],"replies":[{"embeddable":true,"href":"https:\/\/bambisafkar.ca\/index.php\/wp-json\/wp\/v2\/comments?post=7608"}],"version-history":[{"count":2,"href":"https:\/\/bambisafkar.ca\/index.php\/wp-json\/wp\/v2\/posts\/7608\/revisions"}],"predecessor-version":[{"id":7611,"href":"https:\/\/bambisafkar.ca\/index.php\/wp-json\/wp\/v2\/posts\/7608\/revisions\/7611"}],"wp:attachment":[{"href":"https:\/\/bambisafkar.ca\/index.php\/wp-json\/wp\/v2\/media?parent=7608"}],"wp:term":[{"taxonomy":"category","embeddable":true,"href":"https:\/\/bambisafkar.ca\/index.php\/wp-json\/wp\/v2\/categories?post=7608"},{"taxonomy":"post_tag","embeddable":true,"href":"https:\/\/bambisafkar.ca\/index.php\/wp-json\/wp\/v2\/tags?post=7608"}],"curies":[{"name":"wp","href":"https:\/\/api.w.org\/{rel}","templated":true}]}}