{"id":24429,"date":"2023-03-17T00:39:33","date_gmt":"2023-03-17T03:39:33","guid":{"rendered":"https:\/\/bambisafkar.ca\/?p=24429"},"modified":"2023-03-17T00:45:27","modified_gmt":"2023-03-17T03:45:27","slug":"happy-saint-patricks-day","status":"publish","type":"post","link":"https:\/\/bambisafkar.ca\/index.php\/2023\/03\/17\/happy-saint-patricks-day\/","title":{"rendered":"Happy Saint Patrick&#8217;s Day!"},"content":{"rendered":"\n<div class=\"wp-block-image\"><figure class=\"aligncenter is-resized\"><img decoding=\"async\" src=\"https:\/\/bambisafkar.ca\/wp-content\/uploads\/2023\/03\/FinalSaintPatrick.jpg\" alt=\"\" class=\"wp-image-24430\" width=\"552\" height=\"221\" srcset=\"https:\/\/bambisafkar.ca\/wp-content\/uploads\/2023\/03\/FinalSaintPatrick.jpg 624w, https:\/\/bambisafkar.ca\/wp-content\/uploads\/2023\/03\/FinalSaintPatrick-300x120.jpg 300w\" sizes=\"(max-width: 552px) 85vw, 552px\" \/><\/figure><\/div>\n\n\n\n<p>Bambi would like to highlight this day in different ways:<\/p>\n\n\n\n<p>First, she will thank her friend Jeff for sharing a picture of Mr. Gibran Khalil Gibran&#8217;s <em>The Prophet<\/em>&#8230; in Irish!<\/p>\n\n\n\n<div class=\"wp-block-image\"><figure class=\"aligncenter is-resized\"><img decoding=\"async\" src=\"https:\/\/bambisafkar.ca\/wp-content\/uploads\/2023\/03\/The-Prophet-InIrish-768x1024.jpg\" alt=\"\" class=\"wp-image-24431\" width=\"395\" height=\"526\" srcset=\"https:\/\/bambisafkar.ca\/wp-content\/uploads\/2023\/03\/The-Prophet-InIrish-768x1024.jpg 768w, https:\/\/bambisafkar.ca\/wp-content\/uploads\/2023\/03\/The-Prophet-InIrish-225x300.jpg 225w, https:\/\/bambisafkar.ca\/wp-content\/uploads\/2023\/03\/The-Prophet-InIrish-1200x1600.jpg 1200w\" sizes=\"(max-width: 395px) 85vw, 395px\" \/><figcaption>A picture shared by Jeff<\/figcaption><\/figure><\/div>\n\n\n\n<p>Second, she also would like to thank him for making her discover a beautiful short poem by Mr.  Sheridan John Desmond (1903\u201380), Irish author of many books including &#8220;<em>Joe&#8217;s no Saint and Other Poems&#8221;<\/em>:<\/p>\n\n\n\n<p style=\"text-align:center\">&#8220;<em><strong>No tears <br>Should ever come  <br>To your dear eyes. <br>They should always be full <br>Of happiness, and laughter, and surprise <br><br>Tears are for tired eyes like mine &#8211; <br>That the world has made sad <\/strong><br><strong>Nothing can touch  my heart <br>Or wake my fears <br>So surely as <br>                  Your tears&#8221;.<\/strong>                 <\/em><\/p>\n\n\n\n<p>Third, she will pause to recall lovely memories of celebrations of Saint Patrick Day in three different Canadian provinces as well as during a trip to Beirut in which her cousin Rana took her out once at a nice Irish pub.<\/p>\n\n\n\n<p>Last but not least, it is time for music now. First, the much talented Seo Linn singing a unique version of the traditional Irish song &#8220;<em>\u00d3r\u00f3 S\u00e9 do Bheatha Bhaile<\/em>&#8220;. Second, the <em>Saint Patrick&#8217;s Day <\/em>kids&#8217; song. <\/p>\n\n\n\n<p>Happy Saint Patrick&#8217;s Day ?! Bambi is thinking of all her friends (and kids&#8217; friends :), especially of the Patrick, Patrice, and Patricia of this world! <\/p>\n\n\n\n<figure class=\"wp-block-embed-youtube wp-block-embed is-type-video is-provider-youtube wp-embed-aspect-16-9 wp-has-aspect-ratio\"><div class=\"wp-block-embed__wrapper\">\n<iframe title=\"Seo Linn - \u00d3r\u00f3 S\u00e9 do Bheatha Bhaile\" width=\"840\" height=\"473\" src=\"https:\/\/www.youtube.com\/embed\/bzXswoAUi0U?feature=oembed\" frameborder=\"0\" allow=\"accelerometer; autoplay; clipboard-write; encrypted-media; gyroscope; picture-in-picture; web-share\" allowfullscreen><\/iframe>\n<\/div><\/figure>\n\n\n\n<figure class=\"wp-block-embed-youtube wp-block-embed is-type-video is-provider-youtube wp-embed-aspect-16-9 wp-has-aspect-ratio\"><div class=\"wp-block-embed__wrapper\">\n<iframe title=\"Saint Patrick&#039;s Day Song | Happy St. Patricks Day | Baby Joy Joy\" width=\"840\" height=\"473\" src=\"https:\/\/www.youtube.com\/embed\/qXzFQ7lnkKw?feature=oembed\" frameborder=\"0\" allow=\"accelerometer; autoplay; clipboard-write; encrypted-media; gyroscope; picture-in-picture; web-share\" allowfullscreen><\/iframe>\n<\/div><\/figure>\n\n\n\n<div class=\"wp-block-image\"><figure class=\"aligncenter is-resized\"><img decoding=\"async\" src=\"https:\/\/bambisafkar.ca\/wp-content\/uploads\/2023\/03\/heart-17.jpg\" alt=\"\" class=\"wp-image-24433\" width=\"218\" height=\"218\" srcset=\"https:\/\/bambisafkar.ca\/wp-content\/uploads\/2023\/03\/heart-17.jpg 300w, https:\/\/bambisafkar.ca\/wp-content\/uploads\/2023\/03\/heart-17-150x150.jpg 150w\" sizes=\"(max-width: 218px) 85vw, 218px\" \/><\/figure><\/div>\n\n\n\n<p><em> <\/em><\/p>\n","protected":false},"excerpt":{"rendered":"<p>Bambi would like to highlight this day in different ways: First, she will thank her friend Jeff for sharing a picture of Mr. Gibran Khalil Gibran&#8217;s The Prophet&#8230; in Irish! Second, she also would like [&hellip;]<\/p>\n","protected":false},"author":1,"featured_media":0,"comment_status":"open","ping_status":"open","sticky":false,"template":"","format":"standard","meta":{"footnotes":""},"categories":[1],"tags":[],"_links":{"self":[{"href":"https:\/\/bambisafkar.ca\/index.php\/wp-json\/wp\/v2\/posts\/24429"}],"collection":[{"href":"https:\/\/bambisafkar.ca\/index.php\/wp-json\/wp\/v2\/posts"}],"about":[{"href":"https:\/\/bambisafkar.ca\/index.php\/wp-json\/wp\/v2\/types\/post"}],"author":[{"embeddable":true,"href":"https:\/\/bambisafkar.ca\/index.php\/wp-json\/wp\/v2\/users\/1"}],"replies":[{"embeddable":true,"href":"https:\/\/bambisafkar.ca\/index.php\/wp-json\/wp\/v2\/comments?post=24429"}],"version-history":[{"count":5,"href":"https:\/\/bambisafkar.ca\/index.php\/wp-json\/wp\/v2\/posts\/24429\/revisions"}],"predecessor-version":[{"id":24437,"href":"https:\/\/bambisafkar.ca\/index.php\/wp-json\/wp\/v2\/posts\/24429\/revisions\/24437"}],"wp:attachment":[{"href":"https:\/\/bambisafkar.ca\/index.php\/wp-json\/wp\/v2\/media?parent=24429"}],"wp:term":[{"taxonomy":"category","embeddable":true,"href":"https:\/\/bambisafkar.ca\/index.php\/wp-json\/wp\/v2\/categories?post=24429"},{"taxonomy":"post_tag","embeddable":true,"href":"https:\/\/bambisafkar.ca\/index.php\/wp-json\/wp\/v2\/tags?post=24429"}],"curies":[{"name":"wp","href":"https:\/\/api.w.org\/{rel}","templated":true}]}}