{"id":23511,"date":"2023-01-07T07:02:45","date_gmt":"2023-01-07T11:02:45","guid":{"rendered":"https:\/\/bambisafkar.ca\/?p=23511"},"modified":"2023-01-07T07:02:45","modified_gmt":"2023-01-07T11:02:45","slug":"ms-france-gall-died-on-january-7-2018-her-songs-outlive-her-not-just-in-french-but-also-in-german","status":"publish","type":"post","link":"https:\/\/bambisafkar.ca\/index.php\/2023\/01\/07\/ms-france-gall-died-on-january-7-2018-her-songs-outlive-her-not-just-in-french-but-also-in-german\/","title":{"rendered":"Ms. France Gall died on January 7, 2018: her songs outlive her, not just in French, but also in German!"},"content":{"rendered":"\n<div class=\"wp-block-image\"><figure class=\"aligncenter is-resized\"><img decoding=\"async\" src=\"https:\/\/bambisafkar.ca\/wp-content\/uploads\/2023\/01\/A-song-1.jpg\" alt=\"\" class=\"wp-image-23517\" width=\"232\" height=\"217\" srcset=\"https:\/\/bambisafkar.ca\/wp-content\/uploads\/2023\/01\/A-song-1.jpg 439w, https:\/\/bambisafkar.ca\/wp-content\/uploads\/2023\/01\/A-song-1-300x280.jpg 300w\" sizes=\"(max-width: 232px) 85vw, 232px\" \/><\/figure><\/div>\n\n\n\n<p>Bambi cannot help not to think of Ms. France Gall (1947-2018) today. May her memory be eternal&#8230; <\/p>\n\n\n\n<figure class=\"wp-block-embed-youtube wp-block-embed is-type-video is-provider-youtube wp-embed-aspect-4-3 wp-has-aspect-ratio\"><div class=\"wp-block-embed__wrapper\">\n<iframe title=\"France Gall - Ein bi\u00dfchen Goethe, ein bi\u00dfchen Bonaparte (Live 1969 HQ)\" width=\"840\" height=\"630\" src=\"https:\/\/www.youtube.com\/embed\/p9g4Md_huII?feature=oembed\" frameborder=\"0\" allow=\"accelerometer; autoplay; clipboard-write; encrypted-media; gyroscope; picture-in-picture; web-share\" allowfullscreen><\/iframe>\n<\/div><\/figure>\n\n\n\n<figure class=\"wp-block-embed-youtube wp-block-embed is-type-video is-provider-youtube wp-embed-aspect-16-9 wp-has-aspect-ratio\"><div class=\"wp-block-embed__wrapper\">\n<iframe title=\"France Gall &quot;Sacr\u00e9 Charlemagne&quot; (1964) Version HD (St\u00e9r\u00e9o)\" width=\"840\" height=\"473\" src=\"https:\/\/www.youtube.com\/embed\/IFotxcEYJCg?feature=oembed\" frameborder=\"0\" allow=\"accelerometer; autoplay; clipboard-write; encrypted-media; gyroscope; picture-in-picture; web-share\" allowfullscreen><\/iframe>\n<\/div><\/figure>\n\n\n\n<figure class=\"wp-block-embed-youtube wp-block-embed is-type-video is-provider-youtube wp-embed-aspect-16-9 wp-has-aspect-ratio\"><div class=\"wp-block-embed__wrapper\">\n<iframe title=\"France Gall - Poup\u00e9e De Cire, Poup\u00e9e De Son (Full Eurovision Broadcast 1965)\" width=\"840\" height=\"473\" src=\"https:\/\/www.youtube.com\/embed\/JLMuZ517jfk?feature=oembed\" frameborder=\"0\" allow=\"accelerometer; autoplay; clipboard-write; encrypted-media; gyroscope; picture-in-picture; web-share\" allowfullscreen><\/iframe>\n<\/div><\/figure>\n\n\n\n<figure class=\"wp-block-embed-youtube wp-block-embed is-type-video is-provider-youtube wp-embed-aspect-4-3 wp-has-aspect-ratio\"><div class=\"wp-block-embed__wrapper\">\n<iframe title=\"France Gall - Ella, elle l&#039;a (Clip officiel)\" width=\"840\" height=\"630\" src=\"https:\/\/www.youtube.com\/embed\/lgHGU8gqz9U?feature=oembed\" frameborder=\"0\" allow=\"accelerometer; autoplay; clipboard-write; encrypted-media; gyroscope; picture-in-picture; web-share\" allowfullscreen><\/iframe>\n<\/div><\/figure>\n\n\n\n<figure class=\"wp-block-embed-youtube wp-block-embed is-type-video is-provider-youtube wp-embed-aspect-4-3 wp-has-aspect-ratio\"><div class=\"wp-block-embed__wrapper\">\n<iframe title=\"Tout Pour La Musique (France Gall et Michel Berger)\" width=\"840\" height=\"630\" src=\"https:\/\/www.youtube.com\/embed\/MjVUG1Pw8pU?feature=oembed\" frameborder=\"0\" allow=\"accelerometer; autoplay; clipboard-write; encrypted-media; gyroscope; picture-in-picture; web-share\" allowfullscreen><\/iframe>\n<\/div><\/figure>\n\n\n\n<figure class=\"wp-block-embed-youtube wp-block-embed is-type-video is-provider-youtube wp-embed-aspect-16-9 wp-has-aspect-ratio\"><div class=\"wp-block-embed__wrapper\">\n<iframe title=\"France Gall - Si maman si (Audio officiel)\" width=\"840\" height=\"473\" src=\"https:\/\/www.youtube.com\/embed\/EYF8n5aRzwM?feature=oembed\" frameborder=\"0\" allow=\"accelerometer; autoplay; clipboard-write; encrypted-media; gyroscope; picture-in-picture; web-share\" allowfullscreen><\/iframe>\n<\/div><\/figure>\n\n\n\n<figure class=\"wp-block-embed-youtube wp-block-embed is-type-video is-provider-youtube wp-embed-aspect-4-3 wp-has-aspect-ratio\"><div class=\"wp-block-embed__wrapper\">\n<iframe title=\"Mein Herz kann man nicht kaufen\" width=\"840\" height=\"630\" src=\"https:\/\/www.youtube.com\/embed\/V_lVgkwVPug?feature=oembed\" frameborder=\"0\" allow=\"accelerometer; autoplay; clipboard-write; encrypted-media; gyroscope; picture-in-picture; web-share\" allowfullscreen><\/iframe>\n<\/div><\/figure>\n\n\n\n<figure class=\"wp-block-embed-youtube wp-block-embed is-type-video is-provider-youtube wp-embed-aspect-16-9 wp-has-aspect-ratio\"><div class=\"wp-block-embed__wrapper\">\n<iframe title=\"France Gall --  Medley video of German songs\" width=\"840\" height=\"473\" src=\"https:\/\/www.youtube.com\/embed\/QjUsMK9pP24?feature=oembed\" frameborder=\"0\" allow=\"accelerometer; autoplay; clipboard-write; encrypted-media; gyroscope; picture-in-picture; web-share\" allowfullscreen><\/iframe>\n<\/div><\/figure>\n\n\n\n<figure class=\"wp-block-embed-youtube wp-block-embed is-type-video is-provider-youtube wp-embed-aspect-16-9 wp-has-aspect-ratio\"><div class=\"wp-block-embed__wrapper\">\n<iframe title=\"France Gall - R\u00e9siste (Audio officiel)\" width=\"840\" height=\"473\" src=\"https:\/\/www.youtube.com\/embed\/I5mlAZkibgw?feature=oembed\" frameborder=\"0\" allow=\"accelerometer; autoplay; clipboard-write; encrypted-media; gyroscope; picture-in-picture; web-share\" allowfullscreen><\/iframe>\n<\/div><\/figure>\n\n\n\n<div class=\"wp-block-image\"><figure class=\"aligncenter is-resized\"><img decoding=\"async\" src=\"https:\/\/bambisafkar.ca\/wp-content\/uploads\/2023\/01\/heart-5.jpg\" alt=\"\" class=\"wp-image-23516\" width=\"262\" height=\"262\" srcset=\"https:\/\/bambisafkar.ca\/wp-content\/uploads\/2023\/01\/heart-5.jpg 300w, https:\/\/bambisafkar.ca\/wp-content\/uploads\/2023\/01\/heart-5-150x150.jpg 150w\" sizes=\"(max-width: 262px) 85vw, 262px\" \/><\/figure><\/div>\n","protected":false},"excerpt":{"rendered":"<p>Bambi cannot help not to think of Ms. France Gall (1947-2018) today. May her memory be eternal&#8230;<\/p>\n","protected":false},"author":1,"featured_media":0,"comment_status":"open","ping_status":"open","sticky":false,"template":"","format":"standard","meta":{"footnotes":""},"categories":[1],"tags":[],"_links":{"self":[{"href":"https:\/\/bambisafkar.ca\/index.php\/wp-json\/wp\/v2\/posts\/23511"}],"collection":[{"href":"https:\/\/bambisafkar.ca\/index.php\/wp-json\/wp\/v2\/posts"}],"about":[{"href":"https:\/\/bambisafkar.ca\/index.php\/wp-json\/wp\/v2\/types\/post"}],"author":[{"embeddable":true,"href":"https:\/\/bambisafkar.ca\/index.php\/wp-json\/wp\/v2\/users\/1"}],"replies":[{"embeddable":true,"href":"https:\/\/bambisafkar.ca\/index.php\/wp-json\/wp\/v2\/comments?post=23511"}],"version-history":[{"count":11,"href":"https:\/\/bambisafkar.ca\/index.php\/wp-json\/wp\/v2\/posts\/23511\/revisions"}],"predecessor-version":[{"id":23530,"href":"https:\/\/bambisafkar.ca\/index.php\/wp-json\/wp\/v2\/posts\/23511\/revisions\/23530"}],"wp:attachment":[{"href":"https:\/\/bambisafkar.ca\/index.php\/wp-json\/wp\/v2\/media?parent=23511"}],"wp:term":[{"taxonomy":"category","embeddable":true,"href":"https:\/\/bambisafkar.ca\/index.php\/wp-json\/wp\/v2\/categories?post=23511"},{"taxonomy":"post_tag","embeddable":true,"href":"https:\/\/bambisafkar.ca\/index.php\/wp-json\/wp\/v2\/tags?post=23511"}],"curies":[{"name":"wp","href":"https:\/\/api.w.org\/{rel}","templated":true}]}}