{"id":21966,"date":"2022-10-14T18:29:18","date_gmt":"2022-10-14T21:29:18","guid":{"rendered":"https:\/\/bambisafkar.ca\/?p=21966"},"modified":"2022-10-14T18:29:18","modified_gmt":"2022-10-14T21:29:18","slug":"dr-mathieu-bock-cote-calebs-daughters-the-latest-victim-of-the-wokes-les-filles-de-caleb-la-derniere-victime-des-wokes","status":"publish","type":"post","link":"https:\/\/bambisafkar.ca\/index.php\/2022\/10\/14\/dr-mathieu-bock-cote-calebs-daughters-the-latest-victim-of-the-wokes-les-filles-de-caleb-la-derniere-victime-des-wokes\/","title":{"rendered":"Dr. Mathieu Bock-C\u00f4t\u00e9: &#8220;Caleb&#8217;s daughters&#8221;, the latest victim of the wokes [&#8220;Les filles de Caleb, la derni\u00e8re victime des wokes&#8221;]"},"content":{"rendered":"\n<div class=\"wp-block-image\"><figure class=\"aligncenter\"><img decoding=\"async\" width=\"624\" height=\"351\" src=\"https:\/\/bambisafkar.ca\/wp-content\/uploads\/2022\/10\/Les-Filles-de-Calelb.jpg\" alt=\"\" class=\"wp-image-21967\" srcset=\"https:\/\/bambisafkar.ca\/wp-content\/uploads\/2022\/10\/Les-Filles-de-Calelb.jpg 624w, https:\/\/bambisafkar.ca\/wp-content\/uploads\/2022\/10\/Les-Filles-de-Calelb-300x169.jpg 300w\" sizes=\"(max-width: 709px) 85vw, (max-width: 909px) 67vw, (max-width: 984px) 61vw, (max-width: 1362px) 45vw, 600px\" \/><figcaption>A picture taken from <em>TVQC<\/em><\/figcaption><\/figure><\/div>\n\n\n\n<p>Bambi loves &#8220;<em>Les Filles de Caleb<\/em>&#8221; [<em>l<\/em>et&#8217;s call it<em> Caleb&#8217;s daughters<\/em>&#8221; in English]. When she was a student in Qu\u00e9bec, as a Christmas gift, she offered her mom the three books  of this series written by Ms. Arlette Cousture. When she visited her parents in Beirut this past summer, she came across this book. Indeed, her mom was having fun re-reading it. <\/p>\n\n\n\n<p>Recently, Bambi learned about another stupid censorship story. This time, it is by <em>Netflix<\/em> and it involves &#8220;<em>Les filles de Caleb<\/em>&#8220;. Dr. Mathieu Bock-C\u00f4t\u00e9&#8217;s article, published in the <em>Journal de Montr\u00e9al<\/em> about this saga is sharp and straight to the point (<a href=\"https:\/\/bit.ly\/3eBhD9S\">https:\/\/bit.ly\/3eBhD9S<\/a>). Bambi will translate it for you below:<\/p>\n\n\n\n<p><em>&#8220;<\/em><strong><em>We are talking about it: Netflix, the famous American platform, which has undertaken to broadcast Caleb&#8217;s daughters, has above all decided to censor an episode.<\/em><\/strong><\/p>\n\n\n\n<p> <em>The reason? A character paints his face in black to play one of the three kings in a Christmas play. <\/em><\/p>\n\n\n\n<p><em>I should point out that the series, shot in the 1990s, takes place at the end of the 19th century, in Mauricie. But Netflix does not understand Qu\u00e9bec history and its officials have decided to see it as blackface, a reason justifying the censorship of the episode. <\/em> <\/p>\n\n\n\n<p><strong><em>Censorship<\/em>  <\/strong><\/p>\n\n\n\n<p><em>Everything is crazy in this story.<\/em> <\/p>\n\n\n\n<p><em>First, a famous Qu\u00e9bec series is censored, in the name of the new American morality, based on racial obsession. We take the liberty of depriving Qu\u00e9beckers of their own cultural heritage. What will our crazed censors say if they find out that in &#8220;Lance et compte&#8221;, what they call blackface is even used by National players as a symbol of anti-racism? <\/em><\/p>\n\n\n\n<p><em>Second, this decision testifies to the pressure of the neo-puritans who want to impose their conception of blasphemy on us. They don&#8217;t like a series scene? They censor it. They don&#8217;t like the title of a book, they want to ban it, as we see with &#8220;Les n\u00e8gres blancs d&#8217;Am\u00e9rique&#8221; <\/em>[As a reminder, there is a historical reason why Mr.  Pierre Valli\u00e8res&#8217; book is entitled like this]<em>. They don&#8217;t like a professor using the word &#8220;n\u00e8gre&#8221; from a pedagogical perspective, they ruin her career, as we saw at the University of Ottawa.<\/em><\/p>\n\n\n\n<p><strong><em> Wokeism <\/em><\/strong><\/p>\n\n\n\n<p><em>Third, blackface does not exist in Qu\u00e9bec. It&#8217;s all about context, and our context has nothing to do with the United States. This is imported trauma. In the name of \u201cdecolonization\u201d and openness to \u201cminorities\u201d, American cultural colonialism is favoured in Qu\u00e9bec. <\/em><\/p>\n\n\n\n<p><em>We must liberate Qu\u00e9bec from wokeism and deliver it from American racial neuroses. And we must restore all of the Daughters of Caleb&#8221;.<\/em><\/p>\n\n\n\n<div class=\"wp-block-image\"><figure class=\"aligncenter is-resized\"><img decoding=\"async\" src=\"https:\/\/bambisafkar.ca\/wp-content\/uploads\/2022\/10\/Dupuis-BalthazarCensored.jpg\" alt=\"\" class=\"wp-image-21976\" width=\"289\" height=\"257\" srcset=\"https:\/\/bambisafkar.ca\/wp-content\/uploads\/2022\/10\/Dupuis-BalthazarCensored.jpg 624w, https:\/\/bambisafkar.ca\/wp-content\/uploads\/2022\/10\/Dupuis-BalthazarCensored-300x267.jpg 300w\" sizes=\"(max-width: 289px) 85vw, 289px\" \/><figcaption>Actor Roy Dupuis, as King Balthazar, in the scene of the censored episode. <br>A picture taken from another article published in the <em>Journal de Montr\u00e9a<\/em>l<\/figcaption><\/figure><\/div>\n\n\n\n<p>Bambi can only agree with Dr. Mathieu Bock-C\u00f4t\u00e9. <em>Netflix<\/em> must restore all the episodes of this series from Qu\u00e9bec. Like he did in one of his tweets, and in solidarity with Qu\u00e9bec culture being under attack now, she will also end this post with the music of &#8220;<em>Les filles de Caleb&#8221;<\/em>.<\/p>\n\n\n\n<figure class=\"wp-block-embed-youtube wp-block-embed is-type-video is-provider-youtube wp-embed-aspect-4-3 wp-has-aspect-ratio\"><div class=\"wp-block-embed__wrapper\">\n<iframe title=\"Les Filles de Caleb - Chanson Th\u00e8me (1990)\" width=\"840\" height=\"630\" src=\"https:\/\/www.youtube.com\/embed\/UZt_Ye9xUS8?feature=oembed\" frameborder=\"0\" allow=\"accelerometer; autoplay; clipboard-write; encrypted-media; gyroscope; picture-in-picture\" allowfullscreen><\/iframe>\n<\/div><\/figure>\n\n\n\n<div class=\"wp-block-image\"><figure class=\"aligncenter is-resized\"><img decoding=\"async\" src=\"https:\/\/bambisafkar.ca\/wp-content\/uploads\/2022\/10\/heart-17.jpg\" alt=\"\" class=\"wp-image-21981\" width=\"163\" height=\"163\" srcset=\"https:\/\/bambisafkar.ca\/wp-content\/uploads\/2022\/10\/heart-17.jpg 300w, https:\/\/bambisafkar.ca\/wp-content\/uploads\/2022\/10\/heart-17-150x150.jpg 150w\" sizes=\"(max-width: 163px) 85vw, 163px\" \/><figcaption>Thank you Dr. Mathieu Bock-C\u00f4t\u00e9<\/figcaption><\/figure><\/div>\n","protected":false},"excerpt":{"rendered":"<p>Bambi loves &#8220;Les Filles de Caleb&#8221; [let&#8217;s call it Caleb&#8217;s daughters&#8221; in English]. When she was a student in Qu\u00e9bec, as a Christmas gift, she offered her mom the three books of this series written [&hellip;]<\/p>\n","protected":false},"author":1,"featured_media":0,"comment_status":"open","ping_status":"open","sticky":false,"template":"","format":"standard","meta":{"footnotes":""},"categories":[1],"tags":[],"_links":{"self":[{"href":"https:\/\/bambisafkar.ca\/index.php\/wp-json\/wp\/v2\/posts\/21966"}],"collection":[{"href":"https:\/\/bambisafkar.ca\/index.php\/wp-json\/wp\/v2\/posts"}],"about":[{"href":"https:\/\/bambisafkar.ca\/index.php\/wp-json\/wp\/v2\/types\/post"}],"author":[{"embeddable":true,"href":"https:\/\/bambisafkar.ca\/index.php\/wp-json\/wp\/v2\/users\/1"}],"replies":[{"embeddable":true,"href":"https:\/\/bambisafkar.ca\/index.php\/wp-json\/wp\/v2\/comments?post=21966"}],"version-history":[{"count":13,"href":"https:\/\/bambisafkar.ca\/index.php\/wp-json\/wp\/v2\/posts\/21966\/revisions"}],"predecessor-version":[{"id":21983,"href":"https:\/\/bambisafkar.ca\/index.php\/wp-json\/wp\/v2\/posts\/21966\/revisions\/21983"}],"wp:attachment":[{"href":"https:\/\/bambisafkar.ca\/index.php\/wp-json\/wp\/v2\/media?parent=21966"}],"wp:term":[{"taxonomy":"category","embeddable":true,"href":"https:\/\/bambisafkar.ca\/index.php\/wp-json\/wp\/v2\/categories?post=21966"},{"taxonomy":"post_tag","embeddable":true,"href":"https:\/\/bambisafkar.ca\/index.php\/wp-json\/wp\/v2\/tags?post=21966"}],"curies":[{"name":"wp","href":"https:\/\/api.w.org\/{rel}","templated":true}]}}