{"id":21288,"date":"2022-08-31T11:39:47","date_gmt":"2022-08-31T14:39:47","guid":{"rendered":"https:\/\/bambisafkar.ca\/?p=21288"},"modified":"2022-08-31T18:46:32","modified_gmt":"2022-08-31T21:46:32","slug":"picture-of-the-day-of-two-lebanese-ministers-guess-what-they-are-doing","status":"publish","type":"post","link":"https:\/\/bambisafkar.ca\/index.php\/2022\/08\/31\/picture-of-the-day-of-two-lebanese-ministers-guess-what-they-are-doing\/","title":{"rendered":"Picture of the day of two Lebanese Ministers: Guess what they are doing?"},"content":{"rendered":"\n<div class=\"wp-block-image\"><figure class=\"aligncenter is-resized\"><img decoding=\"async\" src=\"https:\/\/bambisafkar.ca\/wp-content\/uploads\/2022\/08\/NoneSense-1.jpg\" alt=\"\" class=\"wp-image-21289\" width=\"169\" height=\"169\" srcset=\"https:\/\/bambisafkar.ca\/wp-content\/uploads\/2022\/08\/NoneSense-1.jpg 225w, https:\/\/bambisafkar.ca\/wp-content\/uploads\/2022\/08\/NoneSense-1-150x150.jpg 150w\" sizes=\"(max-width: 169px) 85vw, 169px\" \/><\/figure><\/div>\n\n\n\n<p>Believe it or not, in a county about to completely collapse under its multiple crises,  Lebanese Caretaker Energy Minister, Mr. Walid Fayyad, and Social Affairs Minister, Mr. Hector Hajjar have nothing to do with their time, but throw stones across the border toward Israel.<\/p>\n\n\n\n<p>Do they think they are kids and they are playing a game? Do they think they are in Gaza? What thought is on their mind while they are throwing the stone in the air, Bambi cannot help not to wonder?<\/p>\n\n\n\n<figure class=\"wp-block-image\"><img decoding=\"async\" src=\"https:\/\/s.lorientlejour.com\/storage\/attachments\/1310\/281924-01-08-1661873815_598929.jpg\/r\/800\/281924-01-08-1661873815_598929.jpg\" alt=\"Les ministres Fayad et Hajjar jettent des pierres vers Isra\u00ebl lors d'une tourn\u00e9e \u00e0 la fronti\u00e8re\"\/><\/figure>\n\n\n\n<p> <\/p>\n","protected":false},"excerpt":{"rendered":"<p>Believe it or not, in a county about to completely collapse under its multiple crises, Lebanese Caretaker Energy Minister, Mr. Walid Fayyad, and Social Affairs Minister, Mr. Hector Hajjar have nothing to do with their [&hellip;]<\/p>\n","protected":false},"author":1,"featured_media":0,"comment_status":"open","ping_status":"open","sticky":false,"template":"","format":"standard","meta":{"footnotes":""},"categories":[1],"tags":[],"_links":{"self":[{"href":"https:\/\/bambisafkar.ca\/index.php\/wp-json\/wp\/v2\/posts\/21288"}],"collection":[{"href":"https:\/\/bambisafkar.ca\/index.php\/wp-json\/wp\/v2\/posts"}],"about":[{"href":"https:\/\/bambisafkar.ca\/index.php\/wp-json\/wp\/v2\/types\/post"}],"author":[{"embeddable":true,"href":"https:\/\/bambisafkar.ca\/index.php\/wp-json\/wp\/v2\/users\/1"}],"replies":[{"embeddable":true,"href":"https:\/\/bambisafkar.ca\/index.php\/wp-json\/wp\/v2\/comments?post=21288"}],"version-history":[{"count":5,"href":"https:\/\/bambisafkar.ca\/index.php\/wp-json\/wp\/v2\/posts\/21288\/revisions"}],"predecessor-version":[{"id":21295,"href":"https:\/\/bambisafkar.ca\/index.php\/wp-json\/wp\/v2\/posts\/21288\/revisions\/21295"}],"wp:attachment":[{"href":"https:\/\/bambisafkar.ca\/index.php\/wp-json\/wp\/v2\/media?parent=21288"}],"wp:term":[{"taxonomy":"category","embeddable":true,"href":"https:\/\/bambisafkar.ca\/index.php\/wp-json\/wp\/v2\/categories?post=21288"},{"taxonomy":"post_tag","embeddable":true,"href":"https:\/\/bambisafkar.ca\/index.php\/wp-json\/wp\/v2\/tags?post=21288"}],"curies":[{"name":"wp","href":"https:\/\/api.w.org\/{rel}","templated":true}]}}