{"id":15921,"date":"2021-12-17T21:22:50","date_gmt":"2021-12-18T01:22:50","guid":{"rendered":"https:\/\/bambisafkar.ca\/?p=15921"},"modified":"2021-12-17T22:08:47","modified_gmt":"2021-12-18T02:08:47","slug":"why-doesnt-quebec-expand-its-bill-21-on-the-state-secularism-by-adding-wokeism-non-sense-to-the-list-of-its-religious-symbols","status":"publish","type":"post","link":"https:\/\/bambisafkar.ca\/index.php\/2021\/12\/17\/why-doesnt-quebec-expand-its-bill-21-on-the-state-secularism-by-adding-wokeism-non-sense-to-the-list-of-its-religious-symbols\/","title":{"rendered":"Why doesn&#8217;t Qu\u00e9bec expand its Bill 21 on the state secularism by adding wokeism non-sense to the list of its religious symbols?"},"content":{"rendered":"\n<div class=\"wp-block-image\"><figure class=\"aligncenter\"><img decoding=\"async\" width=\"242\" height=\"136\" src=\"https:\/\/bambisafkar.ca\/wp-content\/uploads\/2021\/12\/De-quoi-je-me-mele-1.jpg\" alt=\"\" class=\"wp-image-15922\"\/><\/figure><\/div>\n\n\n\n<p>Bill 21 is a moderate bill on secularism compared to what is practised in Europe. <\/p>\n\n\n\n<p>Bambi has several older posts on this topic (most if not all are shown at the end of this post). <\/p>\n\n\n\n<p>Very briefly, Bill 21 is a bill made by Qu\u00e9bec for Qu\u00e9bec.<\/p>\n\n\n\n<p>This bill respects the history and culture of the secular Qu\u00e9bec. <\/p>\n\n\n\n<p>This bill bans ALL religious symbols in those working for the government who are in positions of authority. <\/p>\n\n\n\n<p>This bill was voted by a majority government. It is supported by the majority of Qu\u00e9beckers, including Muslims and Arabs. However, of course, our mainstream media funded by our federal government will not show us this side of this story.<\/p>\n\n\n\n<p>This being said, Bambi just learned from a quick tour of the English- and French-Canadian media about the latest Canadian nonsense: Municipal councils across the country are adopting motions to help fight Qu\u00e9bec&#8217;s Bill 21 in court. When will our federal government and woke-oriented municipalities  (<a href=\"https:\/\/globalnews.ca\/news\/8456407\/brampton-toronto-fight-quebec-bill-21\/\">https:\/\/globalnews.ca\/news\/8456407\/brampton-toronto-fight-quebec-bill-21\/<\/a>) stop their campaign against Qu\u00e9bec? Until they understand that it is none of their business to interfere with Qu\u00e9bec matters, here is a song for all of them from Bambi&#8230; <\/p>\n\n\n\n<figure class=\"wp-block-embed-youtube wp-block-embed is-type-video is-provider-youtube wp-embed-aspect-4-3 wp-has-aspect-ratio\"><div class=\"wp-block-embed__wrapper\">\n<iframe title=\"Quebec - Gens du pays\" width=\"840\" height=\"630\" src=\"https:\/\/www.youtube.com\/embed\/mhPyliXqeOY?feature=oembed\" frameborder=\"0\" allow=\"accelerometer; autoplay; clipboard-write; encrypted-media; gyroscope; picture-in-picture\" allowfullscreen><\/iframe>\n<\/div><\/figure>\n\n\n\n<p>&#8212;<\/p>\n\n\n\n<figure class=\"wp-block-embed-wordpress wp-block-embed is-type-wp-embed is-provider-bambi-039-s-afkar\"><div class=\"wp-block-embed__wrapper\">\n<blockquote class=\"wp-embedded-content\" data-secret=\"LkLf8jgNT7\"><a href=\"https:\/\/bambisafkar.ca\/index.php\/2021\/07\/28\/why-does-cbc-manitoba-lie-about-quebecs-bill-21-on-secularism\/\">Why does CBC Manitoba lie about Qu\u00e9bec\u2019s Bill 21 on secularism?<\/a><\/blockquote><iframe class=\"wp-embedded-content\" sandbox=\"allow-scripts\" security=\"restricted\" style=\"position: absolute; clip: rect(1px, 1px, 1px, 1px);\" title=\"&#8220;Why does CBC Manitoba lie about Qu\u00e9bec\u2019s Bill 21 on secularism?&#8221; &#8212; Bambi&#039;s Afkar\" src=\"https:\/\/bambisafkar.ca\/index.php\/2021\/07\/28\/why-does-cbc-manitoba-lie-about-quebecs-bill-21-on-secularism\/embed\/#?secret=LkLf8jgNT7\" data-secret=\"LkLf8jgNT7\" width=\"600\" height=\"338\" frameborder=\"0\" marginwidth=\"0\" marginheight=\"0\" scrolling=\"no\"><\/iframe>\n<\/div><\/figure>\n\n\n\n<figure class=\"wp-block-embed-wordpress wp-block-embed is-type-wp-embed is-provider-bambi-039-s-afkar\"><div class=\"wp-block-embed__wrapper\">\n<blockquote class=\"wp-embedded-content\" data-secret=\"FSZNYUqKmV\"><a href=\"https:\/\/bambisafkar.ca\/index.php\/2021\/06\/10\/why-is-a-high-profile-federal-minister-mr-omar-alghabra-interfering-with-quebecs-politics-wrongly-shamelessy-calling-bill-21-a-state-sanctioned-discrimination\/\">Why is a high profile Federal Minister, Mr. Omar Alghabra, interfering with Qu\u00e9bec\u2019s politics, wrongly\/shamelessy calling Bill 21 \u201ca state-sanctioned discrimination\u201d?<\/a><\/blockquote><iframe class=\"wp-embedded-content\" sandbox=\"allow-scripts\" security=\"restricted\" style=\"position: absolute; clip: rect(1px, 1px, 1px, 1px);\" title=\"&#8220;Why is a high profile Federal Minister, Mr. Omar Alghabra, interfering with Qu\u00e9bec\u2019s politics, wrongly\/shamelessy calling Bill 21 \u201ca state-sanctioned discrimination\u201d?&#8221; &#8212; Bambi&#039;s Afkar\" src=\"https:\/\/bambisafkar.ca\/index.php\/2021\/06\/10\/why-is-a-high-profile-federal-minister-mr-omar-alghabra-interfering-with-quebecs-politics-wrongly-shamelessy-calling-bill-21-a-state-sanctioned-discrimination\/embed\/#?secret=FSZNYUqKmV\" data-secret=\"FSZNYUqKmV\" width=\"600\" height=\"338\" frameborder=\"0\" marginwidth=\"0\" marginheight=\"0\" scrolling=\"no\"><\/iframe>\n<\/div><\/figure>\n\n\n\n<figure class=\"wp-block-embed-wordpress wp-block-embed is-type-wp-embed is-provider-bambi-039-s-afkar\"><div class=\"wp-block-embed__wrapper\">\n<blockquote class=\"wp-embedded-content\" data-secret=\"Cz6xUIrPe8\"><a href=\"https:\/\/bambisafkar.ca\/index.php\/2021\/06\/09\/bravo-mr-blanchet-for-pointing-to-mr-trudeaus-imbecility-about-bill-21\/\">Bravo Mr. Blanchet for pointing to Mr. Trudeau\u2019s \u201cimbecility\u201d about Bill 21!<\/a><\/blockquote><iframe class=\"wp-embedded-content\" sandbox=\"allow-scripts\" security=\"restricted\" style=\"position: absolute; clip: rect(1px, 1px, 1px, 1px);\" title=\"&#8220;Bravo Mr. Blanchet for pointing to Mr. Trudeau\u2019s \u201cimbecility\u201d about Bill 21!&#8221; &#8212; Bambi&#039;s Afkar\" src=\"https:\/\/bambisafkar.ca\/index.php\/2021\/06\/09\/bravo-mr-blanchet-for-pointing-to-mr-trudeaus-imbecility-about-bill-21\/embed\/#?secret=Cz6xUIrPe8\" data-secret=\"Cz6xUIrPe8\" width=\"600\" height=\"338\" frameborder=\"0\" marginwidth=\"0\" marginheight=\"0\" scrolling=\"no\"><\/iframe>\n<\/div><\/figure>\n\n\n\n<figure class=\"wp-block-embed-wordpress wp-block-embed is-type-wp-embed is-provider-bambi-039-s-afkar\"><div class=\"wp-block-embed__wrapper\">\n<blockquote class=\"wp-embedded-content\" data-secret=\"TkhsqdO70M\"><a href=\"https:\/\/bambisafkar.ca\/index.php\/2021\/06\/09\/the-equating-of-the-afzaals-tragedy-quebecs-bill-21-why-is-it-that-our-pm-is-unwise-to-the-point-of-irresponsibility-despite-his-apparent-good-intentions\/\">The equating of the Afzaals tragedy &#038; Qu\u00e9bec\u2019s Bill 21: Why is it that our PM is unwise to the point of irresponsibility, despite his apparent good intentions?<\/a><\/blockquote><iframe class=\"wp-embedded-content\" sandbox=\"allow-scripts\" security=\"restricted\" style=\"position: absolute; clip: rect(1px, 1px, 1px, 1px);\" title=\"&#8220;The equating of the Afzaals tragedy &#038; Qu\u00e9bec\u2019s Bill 21: Why is it that our PM is unwise to the point of irresponsibility, despite his apparent good intentions?&#8221; &#8212; Bambi&#039;s Afkar\" src=\"https:\/\/bambisafkar.ca\/index.php\/2021\/06\/09\/the-equating-of-the-afzaals-tragedy-quebecs-bill-21-why-is-it-that-our-pm-is-unwise-to-the-point-of-irresponsibility-despite-his-apparent-good-intentions\/embed\/#?secret=TkhsqdO70M\" data-secret=\"TkhsqdO70M\" width=\"600\" height=\"338\" frameborder=\"0\" marginwidth=\"0\" marginheight=\"0\" scrolling=\"no\"><\/iframe>\n<\/div><\/figure>\n\n\n\n<figure class=\"wp-block-embed-wordpress wp-block-embed is-type-wp-embed is-provider-bambi-039-s-afkar\"><div class=\"wp-block-embed__wrapper\">\n<blockquote class=\"wp-embedded-content\" data-secret=\"DSV1pJeD7A\"><a href=\"https:\/\/bambisafkar.ca\/index.php\/2021\/04\/20\/bill-21-on-secularism-of-the-state-bravo-to-quebec-minister-of-justice-for-refusing-the-superior-court-judgement-because-the-laws-of-quebec-must-apply-to-everyone-and-throughout-quebec-ther\/\">Bill 21 on secularism of the state: Bravo to Qu\u00e9bec Minister of Justice for refusing the Superior Court judgement because \u201cthe laws of Qu\u00e9bec must apply to everyone and throughout Qu\u00e9bec. There are no two Qu\u00e9becs, there is only one\u201d!<\/a><\/blockquote><iframe class=\"wp-embedded-content\" sandbox=\"allow-scripts\" security=\"restricted\" style=\"position: absolute; clip: rect(1px, 1px, 1px, 1px);\" title=\"&#8220;Bill 21 on secularism of the state: Bravo to Qu\u00e9bec Minister of Justice for refusing the Superior Court judgement because \u201cthe laws of Qu\u00e9bec must apply to everyone and throughout Qu\u00e9bec. There are no two Qu\u00e9becs, there is only one\u201d!&#8221; &#8212; Bambi&#039;s Afkar\" src=\"https:\/\/bambisafkar.ca\/index.php\/2021\/04\/20\/bill-21-on-secularism-of-the-state-bravo-to-quebec-minister-of-justice-for-refusing-the-superior-court-judgement-because-the-laws-of-quebec-must-apply-to-everyone-and-throughout-quebec-ther\/embed\/#?secret=DSV1pJeD7A\" data-secret=\"DSV1pJeD7A\" width=\"600\" height=\"338\" frameborder=\"0\" marginwidth=\"0\" marginheight=\"0\" scrolling=\"no\"><\/iframe>\n<\/div><\/figure>\n\n\n\n<figure class=\"wp-block-embed-wordpress wp-block-embed is-type-wp-embed is-provider-bambi-039-s-afkar\"><div class=\"wp-block-embed__wrapper\">\n<blockquote class=\"wp-embedded-content\" data-secret=\"65j4Gg87HT\"><a href=\"https:\/\/bambisafkar.ca\/index.php\/2020\/12\/05\/bill-21-had-bambi-been-a-quebec-resident-this-is-the-day-where-she-would-consider-voting-for-sovereignty-for-the-proud-canadian-she-is-it-means-that-mr-trudeau-went-too-far\/\">Bill 21: Had Bambi been a Qu\u00e9bec resident, this is the day where she would consider voting for sovereignty. For the proud Canadian she is, it means that Mr. Trudeau went too far!<\/a><\/blockquote><iframe class=\"wp-embedded-content\" sandbox=\"allow-scripts\" security=\"restricted\" style=\"position: absolute; clip: rect(1px, 1px, 1px, 1px);\" title=\"&#8220;Bill 21: Had Bambi been a Qu\u00e9bec resident, this is the day where she would consider voting for sovereignty. For the proud Canadian she is, it means that Mr. Trudeau went too far!&#8221; &#8212; Bambi&#039;s Afkar\" src=\"https:\/\/bambisafkar.ca\/index.php\/2020\/12\/05\/bill-21-had-bambi-been-a-quebec-resident-this-is-the-day-where-she-would-consider-voting-for-sovereignty-for-the-proud-canadian-she-is-it-means-that-mr-trudeau-went-too-far\/embed\/#?secret=65j4Gg87HT\" data-secret=\"65j4Gg87HT\" width=\"600\" height=\"338\" frameborder=\"0\" marginwidth=\"0\" marginheight=\"0\" scrolling=\"no\"><\/iframe>\n<\/div><\/figure>\n\n\n\n<figure class=\"wp-block-embed-wordpress wp-block-embed is-type-wp-embed is-provider-bambi-039-s-afkar\"><div class=\"wp-block-embed__wrapper\">\n<blockquote class=\"wp-embedded-content\" data-secret=\"PXUsaRc0u0\"><a href=\"https:\/\/bambisafkar.ca\/index.php\/2020\/11\/28\/the-problem-with-dr-zaidi-is-that-his-task-force-criticizing-quebecs-bill-21-is-out-of-the-wrong-province-the-problem-of-the-cbc-is-that-it-spreads-misinformation-about-this-bill\/\">The problem with Dr. Zaidi is that his task force criticizing Qu\u00e9bec\u2019s bill 21 is out of the wrong province. The problem of the CBC is that it spreads misinformation about this bill<\/a><\/blockquote><iframe class=\"wp-embedded-content\" sandbox=\"allow-scripts\" security=\"restricted\" style=\"position: absolute; clip: rect(1px, 1px, 1px, 1px);\" title=\"&#8220;The problem with Dr. Zaidi is that his task force criticizing Qu\u00e9bec\u2019s bill 21 is out of the wrong province. The problem of the CBC is that it spreads misinformation about this bill&#8221; &#8212; Bambi&#039;s Afkar\" src=\"https:\/\/bambisafkar.ca\/index.php\/2020\/11\/28\/the-problem-with-dr-zaidi-is-that-his-task-force-criticizing-quebecs-bill-21-is-out-of-the-wrong-province-the-problem-of-the-cbc-is-that-it-spreads-misinformation-about-this-bill\/embed\/#?secret=PXUsaRc0u0\" data-secret=\"PXUsaRc0u0\" width=\"600\" height=\"338\" frameborder=\"0\" marginwidth=\"0\" marginheight=\"0\" scrolling=\"no\"><\/iframe>\n<\/div><\/figure>\n\n\n\n<figure class=\"wp-block-embed-wordpress wp-block-embed is-type-wp-embed is-provider-bambi-039-s-afkar\"><div class=\"wp-block-embed__wrapper\">\n<blockquote class=\"wp-embedded-content\" data-secret=\"g75GjuzIsC\"><a href=\"https:\/\/bambisafkar.ca\/index.php\/2020\/11\/10\/contrary-to-many-others-ms-ensaf-haidar-knows-radical-religiosity-sadly-too-well-this-is-why-she-defends-quebecs-secularism-bill-21\/\">Contrary to many others, Ms. Ensaf Haidar knows radical religiosity sadly too well. This is why she defends Qu\u00e9bec&#8217;s secularism bill 21<\/a><\/blockquote><iframe class=\"wp-embedded-content\" sandbox=\"allow-scripts\" security=\"restricted\" style=\"position: absolute; clip: rect(1px, 1px, 1px, 1px);\" title=\"&#8220;Contrary to many others, Ms. Ensaf Haidar knows radical religiosity sadly too well. This is why she defends Qu\u00e9bec&#8217;s secularism bill 21&#8221; &#8212; Bambi&#039;s Afkar\" src=\"https:\/\/bambisafkar.ca\/index.php\/2020\/11\/10\/contrary-to-many-others-ms-ensaf-haidar-knows-radical-religiosity-sadly-too-well-this-is-why-she-defends-quebecs-secularism-bill-21\/embed\/#?secret=g75GjuzIsC\" data-secret=\"g75GjuzIsC\" width=\"600\" height=\"338\" frameborder=\"0\" marginwidth=\"0\" marginheight=\"0\" scrolling=\"no\"><\/iframe>\n<\/div><\/figure>\n\n\n\n<figure class=\"wp-block-embed-wordpress wp-block-embed is-type-wp-embed is-provider-bambi-039-s-afkar\"><div class=\"wp-block-embed__wrapper\">\n<blockquote class=\"wp-embedded-content\" data-secret=\"NAVfy2SUfp\"><a href=\"https:\/\/bambisafkar.ca\/index.php\/2020\/11\/04\/why-cant-mr-trudeau-respect-quebec-namely-its-bill-21-on-the-states-secularism\/\">Why can\u2019t Mr. Trudeau respect Qu\u00e9bec, namely its Bill 21 on the state&#8217;s secularism?<\/a><\/blockquote><iframe class=\"wp-embedded-content\" sandbox=\"allow-scripts\" security=\"restricted\" style=\"position: absolute; clip: rect(1px, 1px, 1px, 1px);\" title=\"&#8220;Why can\u2019t Mr. Trudeau respect Qu\u00e9bec, namely its Bill 21 on the state&#8217;s secularism?&#8221; &#8212; Bambi&#039;s Afkar\" src=\"https:\/\/bambisafkar.ca\/index.php\/2020\/11\/04\/why-cant-mr-trudeau-respect-quebec-namely-its-bill-21-on-the-states-secularism\/embed\/#?secret=NAVfy2SUfp\" data-secret=\"NAVfy2SUfp\" width=\"600\" height=\"338\" frameborder=\"0\" marginwidth=\"0\" marginheight=\"0\" scrolling=\"no\"><\/iframe>\n<\/div><\/figure>\n\n\n\n<figure class=\"wp-block-embed-wordpress wp-block-embed is-type-wp-embed is-provider-bambi-039-s-afkar\"><div class=\"wp-block-embed__wrapper\">\n<blockquote class=\"wp-embedded-content\" data-secret=\"Gl0zhrzgAM\"><a href=\"https:\/\/bambisafkar.ca\/index.php\/2019\/12\/01\/test-yourself-with-bill-21-multiple-choice-questions\/\">Test yourself with Bill 21: Multiple Choice Questions<\/a><\/blockquote><iframe class=\"wp-embedded-content\" sandbox=\"allow-scripts\" security=\"restricted\" style=\"position: absolute; clip: rect(1px, 1px, 1px, 1px);\" title=\"&#8220;Test yourself with Bill 21: Multiple Choice Questions&#8221; &#8212; Bambi&#039;s Afkar\" src=\"https:\/\/bambisafkar.ca\/index.php\/2019\/12\/01\/test-yourself-with-bill-21-multiple-choice-questions\/embed\/#?secret=Gl0zhrzgAM\" data-secret=\"Gl0zhrzgAM\" width=\"600\" height=\"338\" frameborder=\"0\" marginwidth=\"0\" marginheight=\"0\" scrolling=\"no\"><\/iframe>\n<\/div><\/figure>\n\n\n\n<figure class=\"wp-block-embed-wordpress wp-block-embed is-type-wp-embed is-provider-bambi-039-s-afkar\"><div class=\"wp-block-embed__wrapper\">\n<blockquote class=\"wp-embedded-content\" data-secret=\"3ObmrDZbTA\"><a href=\"https:\/\/bambisafkar.ca\/index.php\/2019\/10\/31\/mr-richard-martineau-is-right-the-globe-mail-editorial-on-quebecs-bill-21-sucks\/\">Mr. Richard Martineau is right: The Globe &#038; Mail editorial on Qu\u00e9bec\u2019s Bill 21 sucks<\/a><\/blockquote><iframe class=\"wp-embedded-content\" sandbox=\"allow-scripts\" security=\"restricted\" style=\"position: absolute; clip: rect(1px, 1px, 1px, 1px);\" title=\"&#8220;Mr. Richard Martineau is right: The Globe &#038; Mail editorial on Qu\u00e9bec\u2019s Bill 21 sucks&#8221; &#8212; Bambi&#039;s Afkar\" src=\"https:\/\/bambisafkar.ca\/index.php\/2019\/10\/31\/mr-richard-martineau-is-right-the-globe-mail-editorial-on-quebecs-bill-21-sucks\/embed\/#?secret=3ObmrDZbTA\" data-secret=\"3ObmrDZbTA\" width=\"600\" height=\"338\" frameborder=\"0\" marginwidth=\"0\" marginheight=\"0\" scrolling=\"no\"><\/iframe>\n<\/div><\/figure>\n","protected":false},"excerpt":{"rendered":"<p>Bill 21 is a moderate bill on secularism compared to what is practised in Europe. Bambi has several older posts on this topic (most if not all are shown at the end of this post). [&hellip;]<\/p>\n","protected":false},"author":1,"featured_media":0,"comment_status":"open","ping_status":"open","sticky":false,"template":"","format":"standard","meta":{"footnotes":""},"categories":[1],"tags":[],"_links":{"self":[{"href":"https:\/\/bambisafkar.ca\/index.php\/wp-json\/wp\/v2\/posts\/15921"}],"collection":[{"href":"https:\/\/bambisafkar.ca\/index.php\/wp-json\/wp\/v2\/posts"}],"about":[{"href":"https:\/\/bambisafkar.ca\/index.php\/wp-json\/wp\/v2\/types\/post"}],"author":[{"embeddable":true,"href":"https:\/\/bambisafkar.ca\/index.php\/wp-json\/wp\/v2\/users\/1"}],"replies":[{"embeddable":true,"href":"https:\/\/bambisafkar.ca\/index.php\/wp-json\/wp\/v2\/comments?post=15921"}],"version-history":[{"count":18,"href":"https:\/\/bambisafkar.ca\/index.php\/wp-json\/wp\/v2\/posts\/15921\/revisions"}],"predecessor-version":[{"id":15940,"href":"https:\/\/bambisafkar.ca\/index.php\/wp-json\/wp\/v2\/posts\/15921\/revisions\/15940"}],"wp:attachment":[{"href":"https:\/\/bambisafkar.ca\/index.php\/wp-json\/wp\/v2\/media?parent=15921"}],"wp:term":[{"taxonomy":"category","embeddable":true,"href":"https:\/\/bambisafkar.ca\/index.php\/wp-json\/wp\/v2\/categories?post=15921"},{"taxonomy":"post_tag","embeddable":true,"href":"https:\/\/bambisafkar.ca\/index.php\/wp-json\/wp\/v2\/tags?post=15921"}],"curies":[{"name":"wp","href":"https:\/\/api.w.org\/{rel}","templated":true}]}}