{"id":11227,"date":"2021-06-12T23:59:17","date_gmt":"2021-06-13T02:59:17","guid":{"rendered":"https:\/\/bambisafkar.ca\/?p=11227"},"modified":"2021-06-13T00:20:05","modified_gmt":"2021-06-13T03:20:05","slug":"despite-his-and-our-sorrow-why-is-the-pm-of-pakistan-interfering-with-quebecs-affairs-and-why-is-he-again-asking-western-countries-to-ban-hate-website","status":"publish","type":"post","link":"https:\/\/bambisafkar.ca\/index.php\/2021\/06\/12\/despite-his-and-our-sorrow-why-is-the-pm-of-pakistan-interfering-with-quebecs-affairs-and-why-is-he-again-asking-western-countries-to-ban-hate-website\/","title":{"rendered":"Despite his (and our) sorrow, why is the PM of Pakistan interfering with Qu\u00e9bec&#8217;s affairs? And why is he, again, asking Western countries to ban &#8220;hate website&#8221;?"},"content":{"rendered":"\n<div class=\"wp-block-image\"><figure class=\"aligncenter is-resized\"><img decoding=\"async\" src=\"https:\/\/bambisafkar.ca\/wp-content\/uploads\/2021\/06\/Why-1.jpg\" alt=\"\" class=\"wp-image-11228\" width=\"162\" height=\"179\"\/><\/figure><\/div>\n\n\n\n<p>Today is a VERY sad day in Canada&#8230;<\/p>\n\n\n\n<p>May the Afzaals rest in peace. <\/p>\n\n\n\n<p>May God support their surviving boy as well as all their loved ones. <\/p>\n\n\n\n<p>Bambi already sent her heartfelt condolences to her fellow Canadians and to the people of Pakistan, especially to the relatives and friends of the Afzaals (in an earlier post shared again below). Today, if she may, she would like to begin by extending her condolences to Mr. Imran Khan, the Pakistani PM.<\/p>\n\n\n\n<p>This being said, Bambi does not understand why he seems to be interfering with our own freedom of expression in Canada and earlier in Western countries at large? Why does he seem to be encouraging online censorship in our own country, as per the <em>CBC<\/em> and <em>France24<\/em>? <\/p>\n\n\n\n<p><a href=\"https:\/\/www.cbc.ca\/news\/politics\/imran-khan-rbl-interview-1.6062850\">https:\/\/www.cbc.ca\/news\/politics\/imran-khan-rbl-interview-1.6062850<\/a><\/p>\n\n\n\n<p><a href=\"https:\/\/www.france24.com\/en\/live-news\/20210612-canada-paying-final-homage-to-family-killed-in-truck-attack\">https:\/\/www.france24.com\/en\/live-news\/20210612-canada-paying-final-homage-to-family-killed-in-truck-attack<\/a><\/p>\n\n\n\n<p>Of course, Bambi has the utmost respect for his grief (including any feeling of sadness or anger). However, had the Afzaals been of Lebanese origins, not a single politician (even of the corrupt ones, including powerful, Islamist-leaning ones) would have expressed such demand. So why does Mr. Khan feel entitled to do so (again)?  <\/p>\n\n\n\n<p>Furthermore, despite their obsession with religion and their sectarianism-based corruption, Lebanese politicians would have never ever allowed themselves to criticize Qu\u00e9bec&#8217;s Bill 21. This is a bill made by Qu\u00e9bec for Qu\u00e9bec. It may not be ideal in all its parts but it has been democratically voted by lawmakers while being endorsed by the vast majority of the population, including MANY of those of Muslim faith.<\/p>\n\n\n\n<p>This being said, a message to the <em>CBC<\/em> now, please do your homework about Bill 21 before further reporting about it. This bill does NOT &#8220;<em>ban public servants, including teachers and police officers, from wearing religious symbols at work<\/em>&#8220;.  <\/p>\n\n\n\n<p>And no, Mr. Khan, this is bill is NOT a form of &#8220;<em>secular extremism<\/em>&#8221; <em>that &#8220;leads to\u00a0intolerance against Muslims<\/em>&#8220;. This bill is known to be moderate, compared to similar bills in Europe. <\/p>\n\n\n\n<p>If it could perhaps help to clarify this bill using the Government of Qu\u00e9bec&#8217;s own language, below is a text copied pasted from one of Bambi&#8217;s earlier posts on Bill 21, which she respects for the simple following reason: It is the choice of Qu\u00e9bec, whether she fully agreed with it at first or not:<\/p>\n\n\n\n<p>&#8220;<strong>Bill 21 came after 10 years of public debate in Qu\u00e9bec about reasonable accommodations.<\/strong><\/p>\n\n\n\n<p><strong>Bill 21 is moderate, compared to other bills in secular countries in Europe.<\/strong><\/p>\n\n\n\n<p><strong>Bill 21 is mainly about public servants in positions of authority, including all the following: <\/strong><\/p>\n\n\n\n<p><em><strong>\u201cthe President and Vice-Presidents of the National Assembly, administrative justices of the peace, special clerks, clerks, deputy clerks, sheriffs and deputy sheriffs, clerks and deputy clerks respecting municipal courts, and bankruptcy registrars, members or commissioners who exercise their functions within the Comit\u00e9 de d\u00e9ontologie polici\u00e8re, the Commission d\u2019acc\u00e8s \u00e0 l\u2019information, the Commission de la fonction publique, the Commission de protection du territoire agricole du Qu\u00e9bec, the Commission des transports du Qu\u00e9bec, the Commission municipale du Qu\u00e9bec, the Commission qu\u00e9b\u00e9coise des lib\u00e9rations conditionnelles, the R\u00e9gie de l\u2019\u00e9nergie, the R\u00e9gie des alcools, des courses et des jeux, the R\u00e9gie des march\u00e9s agricoles et alimentaires du Qu\u00e9bec, the R\u00e9gie du b\u00e2timent du Qu\u00e9bec, the R\u00e9gie du logement, the Financial Markets Administrative Tribunal, the Administrative Tribunal of Qu\u00e9bec or the Administrative Labour Tribunal, as well as disciplinary council chairs who exercise their functions within the Bureau des pr\u00e9sidents des conseils de discipline, commissioners appointed by the Government under the Act respecting public inquiry commissions, and lawyers or notaries acting for such a commission, arbitrators appointed by the Minister of Labour whose name appears on a list drawn up by that minister in accordance with the Labour Code, the Minister of Justice and Attorney General, the Director of Criminal and Penal Prosecutions, and persons who exercise the function of lawyer, notary or criminal and penal prosecuting attorney and who are under the authority of a government department, the Director of Criminal and Penal Prosecutions, the National Assembly, a person appointed or designated by the National Assembly to an office under its authority (or a body referred to in paragraph 3 of the bill), persons who exercise the function of lawyer and are employed by a prosecutor (Code of Penal Procedure), unless the prosecutor are persons acting in criminal or penal matters for such a prosecutor before the courts or with third persons, lawyers or notaries acting before the courts or with third persons in accordance with a legal services contract entered into with a minister, the Director of Criminal and Penal Prosecutions, the National Assembly, a person appointed or designated by the National Assembly to exercise a function under its authority (or a body referred to in paragraph 3 of the bill), or lawyers acting in criminal or penal matters before the courts or with third persons in accordance with a legal services contract entered into with a prosecutor, peace officers who exercise their functions mainly in Qu\u00e9bec; and principals, vice principals and teachers of educational institutions under the jurisdiction of a school board established under the Education Act or of the Commission scolaire du Littoral established by the Act respecting the Commission scolaire du Littoral.\u201d<\/strong><\/em><\/p>\n\n\n\n<p><strong>Bill 21 includes a \u201cgrandfather\u201d clause, which allows existing public servants to keep serving.<\/strong><\/p>\n\n\n\n<p><strong>Bill 21 also has a section on the necessity to have one\u2019s face uncovered whilst receiving public services for safety concerns.&#8221; <\/strong><\/p>\n\n\n\n<p>Of course, this bill is not in the spirit of Canada&#8217;s multiculturalism. Mind you,  it is not in the spirit of the (religiously diverse) Lebanon neither. However, it is in the spirit of countries like France and Switzerland (at least in the canton of Geneva) and Qu\u00e9bec, as a distinct society (or nation). Why can&#8217;t we accept this once and for all? Is it that hard to remember?<\/p>\n\n\n\n<p>Bambi agrees that the idea of such bill may not appear ideal, even it is a logical result of a 10-year public debate. Perhaps the world would have appeared nicer or fair to all without resorting to this bill. However, sometimes in life or history rather, there is a time for such legal measures to protect\/ensure the survival of one&#8217;s civilization (like bill 101or 96 on the French language, etc.). For those who forget it, Qu\u00e9bec is a minority in North America. <\/p>\n\n\n\n<p>One must also keep in mind that Qu\u00e9bec did a symbolic gesture by removing the cross from its National Assembly (putting it in a nearby museum, if Bambi understood well). This cross likely did not have any religious meaning to lawmakers. However, it represents a deep cultural heritage meaning (Judeo-Christian tradition); Qu\u00e9beckers know how to be proud of their heritage.<\/p>\n\n\n\n<p>To be fully non-politically correct about this topic, between Bill 21 and Islamism (as a political movement within the beautiful Muslim religion), Bambi clearly prefers the former despite her respect for the latter. She is saying so as a human being and especially as a woman. In her mind, she is clearly for the separation of the church (i.e. all religions; any religion) and the state. She is writing so despite her respect for all the religions of the world as well as for those who chose not to believe in any religion.<\/p>\n\n\n\n<p>To conclude this post, you may or may not agree with neither Qu\u00e9beckers nor Bambi on this topic. However, from Mr. Khan to Mr. Trudeau, from Mr. Blanchet (Bloc Qu\u00e9b\u00e9cois in Ottawa) to Mr. Legault (PM of Qu\u00e9bec) as well as to you and Bambi, we are ALL mourning today (together) :(. Most importantly, we all agree that violence is NOT acceptable, regardless of its source and regardless of its victim! <\/p>\n\n\n\n<div class=\"wp-block-image\"><figure class=\"aligncenter is-resized\"><img decoding=\"async\" src=\"https:\/\/bambisafkar.ca\/wp-content\/uploads\/2021\/06\/FlowersHearts-1.jpg\" alt=\"\" class=\"wp-image-11229\" width=\"164\" height=\"137\"\/><figcaption>Not only for the Afzaals, but also to each one of you\/us saddened by this human tragedy&#8230;<\/figcaption><\/figure><\/div>\n\n\n\n<p> <\/p>\n\n\n\n<p>&#8212;<\/p>\n\n\n\n<figure class=\"wp-block-embed-wordpress wp-block-embed is-type-wp-embed is-provider-bambi-039-s-afkar\"><div class=\"wp-block-embed__wrapper\">\n<blockquote class=\"wp-embedded-content\" data-secret=\"s3QFNoqNZT\"><a href=\"https:\/\/bambisafkar.ca\/index.php\/2021\/06\/08\/honouring-the-afzaals-why-do-some-feel-the-urge-to-use-human-tragedies-to-score-political-points\/\">Honouring the Afzaals: Why do some feel the urge to use human tragedies to score political points?<\/a><\/blockquote><iframe class=\"wp-embedded-content\" sandbox=\"allow-scripts\" security=\"restricted\" style=\"position: absolute; clip: rect(1px, 1px, 1px, 1px);\" title=\"&#8220;Honouring the Afzaals: Why do some feel the urge to use human tragedies to score political points?&#8221; &#8212; Bambi&#039;s Afkar\" src=\"https:\/\/bambisafkar.ca\/index.php\/2021\/06\/08\/honouring-the-afzaals-why-do-some-feel-the-urge-to-use-human-tragedies-to-score-political-points\/embed\/#?secret=s3QFNoqNZT\" data-secret=\"s3QFNoqNZT\" width=\"600\" height=\"338\" frameborder=\"0\" marginwidth=\"0\" marginheight=\"0\" scrolling=\"no\"><\/iframe>\n<\/div><\/figure>\n","protected":false},"excerpt":{"rendered":"<p>Today is a VERY sad day in Canada&#8230; May the Afzaals rest in peace. May God support their surviving boy as well as all their loved ones. Bambi already sent her heartfelt condolences to her [&hellip;]<\/p>\n","protected":false},"author":1,"featured_media":0,"comment_status":"open","ping_status":"open","sticky":false,"template":"","format":"standard","meta":{"footnotes":""},"categories":[1],"tags":[],"_links":{"self":[{"href":"https:\/\/bambisafkar.ca\/index.php\/wp-json\/wp\/v2\/posts\/11227"}],"collection":[{"href":"https:\/\/bambisafkar.ca\/index.php\/wp-json\/wp\/v2\/posts"}],"about":[{"href":"https:\/\/bambisafkar.ca\/index.php\/wp-json\/wp\/v2\/types\/post"}],"author":[{"embeddable":true,"href":"https:\/\/bambisafkar.ca\/index.php\/wp-json\/wp\/v2\/users\/1"}],"replies":[{"embeddable":true,"href":"https:\/\/bambisafkar.ca\/index.php\/wp-json\/wp\/v2\/comments?post=11227"}],"version-history":[{"count":25,"href":"https:\/\/bambisafkar.ca\/index.php\/wp-json\/wp\/v2\/posts\/11227\/revisions"}],"predecessor-version":[{"id":11254,"href":"https:\/\/bambisafkar.ca\/index.php\/wp-json\/wp\/v2\/posts\/11227\/revisions\/11254"}],"wp:attachment":[{"href":"https:\/\/bambisafkar.ca\/index.php\/wp-json\/wp\/v2\/media?parent=11227"}],"wp:term":[{"taxonomy":"category","embeddable":true,"href":"https:\/\/bambisafkar.ca\/index.php\/wp-json\/wp\/v2\/categories?post=11227"},{"taxonomy":"post_tag","embeddable":true,"href":"https:\/\/bambisafkar.ca\/index.php\/wp-json\/wp\/v2\/tags?post=11227"}],"curies":[{"name":"wp","href":"https:\/\/api.w.org\/{rel}","templated":true}]}}